{"id":13,"date":"2016-11-10T19:54:08","date_gmt":"2016-11-10T19:54:08","guid":{"rendered":"http:\/\/zdpz.hr\/?p=13"},"modified":"2016-11-10T20:02:49","modified_gmt":"2016-11-10T20:02:49","slug":"o-zavicajnom-drustvu-posusje-u-zagrebu","status":"publish","type":"post","link":"https:\/\/zdpz.hr\/?p=13","title":{"rendered":"O nama"},"content":{"rendered":"<p>Zavi\u010dajno dru\u0161tvo Posu\u0161je u Zagrebu djeluje ve\u0107 punih trideset godina, \u0161to je me\u0111u hercegova\u010dkim zavi\u010dajnim dru\u0161tvima posve jedinstven slu\u010daj. Naime, skupina hrabrih ljudi po\u010detkom osamdesetih godina, organizira okupljanje pod nazivom Posu\u0161ke ve\u010deri, koje su za to vrijeme komunisti\u010dkog re\u017eima bile nepo\u017eeljne a usput jo\u0161 i Posu\u0161ke. Unato\u010d opravdanom strahu, kada se radilo o takvoj vrsti okupljanja, Posu\u0161ke ve\u010deri su se redovito prire\u0111ivale, zahvaljuju\u0107i upravo hrabrosti i mudrosti tih ljudi. Raspadom onda\u0161nje dr\u017eave i uspostavom neovisne Republike Hrvatske, posve logi\u010dno dolazi do osniva\u010dke skup\u0161tine zavi\u010dajnoga kluba (kasnije dru\u0161tva), a ona je odr\u017eana 3. studenoga 1990., na kojoj je donesen statut Dru\u0161tva, izabran upravni odbor i prvi predsjednik dru\u0161tva gosp. Tomislav Hrka\u0107. Nakon osnivanja zavi\u010dajno dru\u0161tvo nastavlja svoje uspje\u0161no djelovanje sve do dana\u0161njih dana, u kojem se razdoblju doista mo\u017ee podi\u010diti svojim djelovanjem i djelima, od prikupljanja pomo\u0107i za obranu zavi\u010daja za Domovinskog rata, preko podizanja spomenika fra Grgi Marti\u0107u u Posu\u0161ju i Zagrebu, do donacije sredstava za kupnju jednog zvona Posu\u0161ke nove crkve i mnogo drugih aktivnosti. Nakon mandata g. Hrka\u0107a du\u017enost predsjednika dru\u0161tva obavljali su jo\u0161 g. Stipe Kraljevi\u0107, g. Stipe Mihalj i g. Zvonimir Mari\u0107, uz spomenutu gospodu posebno aktivnu ulogu imao je, kao dugogodi\u0161nji tajnik dru\u0161tva, g. Slavo Manduri\u0107. Trenutni predsjednik je gosp. Vlado Begi\u0107.<\/p>\n","protected":false},"excerpt":{"rendered":"<p>Zavi\u010dajno dru\u0161tvo Posu\u0161je u Zagrebu djeluje ve\u0107 punih trideset godina, \u0161to je me\u0111u hercegova\u010dkim zavi\u010dajnim dru\u0161tvima posve jedinstven slu\u010daj. Naime, skupina hrabrih ljudi po\u010detkom osamdesetih godina, organizira okupljanje pod nazivom Posu\u0161ke ve\u010deri, koje su za to vrijeme komunisti\u010dkog re\u017eima bile nepo\u017eeljne a usput jo\u0161 i Posu\u0161ke. Unato\u010d opravdanom strahu, kada se radilo o takvoj vrsti &hellip; <a href=\"https:\/\/zdpz.hr\/?p=13\" class=\"more-link\">Nastavi \u010ditati <span class=\"screen-reader-text\">O nama<\/span><\/a><\/p>\n","protected":false},"author":1,"featured_media":0,"comment_status":"closed","ping_status":"closed","sticky":false,"template":"","format":"standard","meta":[],"categories":[1],"tags":[],"yoast_head":"<!-- This site is optimized with the Yoast SEO plugin v19.13 - https:\/\/yoast.com\/wordpress\/plugins\/seo\/ -->\n<title>O nama - Zavi\u010dajno Dru\u0161tvo Posu\u0161je Zagreb<\/title>\n<meta name=\"robots\" content=\"index, follow, max-snippet:-1, max-image-preview:large, max-video-preview:-1\" \/>\n<link rel=\"canonical\" href=\"https:\/\/zdpz.hr\/?p=13\" \/>\n<meta property=\"og:locale\" content=\"hr_HR\" \/>\n<meta property=\"og:type\" content=\"article\" \/>\n<meta property=\"og:title\" content=\"O nama - Zavi\u010dajno Dru\u0161tvo Posu\u0161je Zagreb\" \/>\n<meta property=\"og:description\" content=\"Zavi\u010dajno dru\u0161tvo Posu\u0161je u Zagrebu djeluje ve\u0107 punih trideset godina, \u0161to je me\u0111u hercegova\u010dkim zavi\u010dajnim dru\u0161tvima posve jedinstven slu\u010daj. Naime, skupina hrabrih ljudi po\u010detkom osamdesetih godina, organizira okupljanje pod nazivom Posu\u0161ke ve\u010deri, koje su za to vrijeme komunisti\u010dkog re\u017eima bile nepo\u017eeljne a usput jo\u0161 i Posu\u0161ke. Unato\u010d opravdanom strahu, kada se radilo o takvoj vrsti &hellip; Nastavi \u010ditati O nama\" \/>\n<meta property=\"og:url\" content=\"https:\/\/zdpz.hr\/?p=13\" \/>\n<meta property=\"og:site_name\" content=\"Zavi\u010dajno Dru\u0161tvo Posu\u0161je Zagreb\" \/>\n<meta property=\"article:published_time\" content=\"2016-11-10T19:54:08+00:00\" \/>\n<meta property=\"article:modified_time\" content=\"2016-11-10T20:02:49+00:00\" \/>\n<meta name=\"author\" content=\"zvonimircarek\" \/>\n<meta name=\"twitter:card\" content=\"summary_large_image\" \/>\n<meta name=\"twitter:label1\" content=\"Napisao\/la\" \/>\n\t<meta name=\"twitter:data1\" content=\"zvonimircarek\" \/>\n\t<meta name=\"twitter:label2\" content=\"Procijenjeno vrijeme \u010ditanja\" \/>\n\t<meta name=\"twitter:data2\" content=\"1 minuta\" \/>\n<script type=\"application\/ld+json\" class=\"yoast-schema-graph\">{\"@context\":\"https:\/\/schema.org\",\"@graph\":[{\"@type\":\"Article\",\"@id\":\"https:\/\/zdpz.hr\/?p=13#article\",\"isPartOf\":{\"@id\":\"https:\/\/zdpz.hr\/?p=13\"},\"author\":{\"name\":\"zvonimircarek\",\"@id\":\"https:\/\/zdpz.hr\/#\/schema\/person\/58c6462742ea27128e43363da3e12982\"},\"headline\":\"O nama\",\"datePublished\":\"2016-11-10T19:54:08+00:00\",\"dateModified\":\"2016-11-10T20:02:49+00:00\",\"mainEntityOfPage\":{\"@id\":\"https:\/\/zdpz.hr\/?p=13\"},\"wordCount\":252,\"publisher\":{\"@id\":\"https:\/\/zdpz.hr\/#organization\"},\"articleSection\":[\"Uncategorized\"],\"inLanguage\":\"hr\"},{\"@type\":\"WebPage\",\"@id\":\"https:\/\/zdpz.hr\/?p=13\",\"url\":\"https:\/\/zdpz.hr\/?p=13\",\"name\":\"O nama - Zavi\u010dajno Dru\u0161tvo Posu\u0161je Zagreb\",\"isPartOf\":{\"@id\":\"https:\/\/zdpz.hr\/#website\"},\"datePublished\":\"2016-11-10T19:54:08+00:00\",\"dateModified\":\"2016-11-10T20:02:49+00:00\",\"breadcrumb\":{\"@id\":\"https:\/\/zdpz.hr\/?p=13#breadcrumb\"},\"inLanguage\":\"hr\",\"potentialAction\":[{\"@type\":\"ReadAction\",\"target\":[\"https:\/\/zdpz.hr\/?p=13\"]}]},{\"@type\":\"BreadcrumbList\",\"@id\":\"https:\/\/zdpz.hr\/?p=13#breadcrumb\",\"itemListElement\":[{\"@type\":\"ListItem\",\"position\":1,\"name\":\"Po\u010detna stranica\",\"item\":\"https:\/\/zdpz.hr\/\"},{\"@type\":\"ListItem\",\"position\":2,\"name\":\"O nama\"}]},{\"@type\":\"WebSite\",\"@id\":\"https:\/\/zdpz.hr\/#website\",\"url\":\"https:\/\/zdpz.hr\/\",\"name\":\"Zavi\u010dajno Dru\u0161tvo Posu\u0161je Zagreb\",\"description\":\"Zavi\u010dajno Dru\u0161tvo Posu\u0161je Zagreb\",\"publisher\":{\"@id\":\"https:\/\/zdpz.hr\/#organization\"},\"potentialAction\":[{\"@type\":\"SearchAction\",\"target\":{\"@type\":\"EntryPoint\",\"urlTemplate\":\"https:\/\/zdpz.hr\/?s={search_term_string}\"},\"query-input\":\"required name=search_term_string\"}],\"inLanguage\":\"hr\"},{\"@type\":\"Organization\",\"@id\":\"https:\/\/zdpz.hr\/#organization\",\"name\":\"Zavi\u010dajno Dru\u0161tvo Posu\u0161je Zagreb\",\"url\":\"https:\/\/zdpz.hr\/\",\"logo\":{\"@type\":\"ImageObject\",\"inLanguage\":\"hr\",\"@id\":\"https:\/\/zdpz.hr\/#\/schema\/logo\/image\/\",\"url\":\"http:\/\/zdpz.hr\/wp-content\/uploads\/2016\/11\/cropped-zd-e1478806796255.jpg\",\"contentUrl\":\"http:\/\/zdpz.hr\/wp-content\/uploads\/2016\/11\/cropped-zd-e1478806796255.jpg\",\"width\":954,\"height\":1300,\"caption\":\"Zavi\u010dajno Dru\u0161tvo Posu\u0161je Zagreb\"},\"image\":{\"@id\":\"https:\/\/zdpz.hr\/#\/schema\/logo\/image\/\"}},{\"@type\":\"Person\",\"@id\":\"https:\/\/zdpz.hr\/#\/schema\/person\/58c6462742ea27128e43363da3e12982\",\"name\":\"zvonimircarek\",\"image\":{\"@type\":\"ImageObject\",\"inLanguage\":\"hr\",\"@id\":\"https:\/\/zdpz.hr\/#\/schema\/person\/image\/\",\"url\":\"https:\/\/secure.gravatar.com\/avatar\/e3ff444c575a198a38bb4039d6d59ffc?s=96&d=mm&r=g\",\"contentUrl\":\"https:\/\/secure.gravatar.com\/avatar\/e3ff444c575a198a38bb4039d6d59ffc?s=96&d=mm&r=g\",\"caption\":\"zvonimircarek\"}}]}<\/script>\n<!-- \/ Yoast SEO plugin. -->","yoast_head_json":{"title":"O nama - Zavi\u010dajno Dru\u0161tvo Posu\u0161je Zagreb","robots":{"index":"index","follow":"follow","max-snippet":"max-snippet:-1","max-image-preview":"max-image-preview:large","max-video-preview":"max-video-preview:-1"},"canonical":"https:\/\/zdpz.hr\/?p=13","og_locale":"hr_HR","og_type":"article","og_title":"O nama - Zavi\u010dajno Dru\u0161tvo Posu\u0161je Zagreb","og_description":"Zavi\u010dajno dru\u0161tvo Posu\u0161je u Zagrebu djeluje ve\u0107 punih trideset godina, \u0161to je me\u0111u hercegova\u010dkim zavi\u010dajnim dru\u0161tvima posve jedinstven slu\u010daj. Naime, skupina hrabrih ljudi po\u010detkom osamdesetih godina, organizira okupljanje pod nazivom Posu\u0161ke ve\u010deri, koje su za to vrijeme komunisti\u010dkog re\u017eima bile nepo\u017eeljne a usput jo\u0161 i Posu\u0161ke. Unato\u010d opravdanom strahu, kada se radilo o takvoj vrsti &hellip; Nastavi \u010ditati O nama","og_url":"https:\/\/zdpz.hr\/?p=13","og_site_name":"Zavi\u010dajno Dru\u0161tvo Posu\u0161je Zagreb","article_published_time":"2016-11-10T19:54:08+00:00","article_modified_time":"2016-11-10T20:02:49+00:00","author":"zvonimircarek","twitter_card":"summary_large_image","twitter_misc":{"Napisao\/la":"zvonimircarek","Procijenjeno vrijeme \u010ditanja":"1 minuta"},"schema":{"@context":"https:\/\/schema.org","@graph":[{"@type":"Article","@id":"https:\/\/zdpz.hr\/?p=13#article","isPartOf":{"@id":"https:\/\/zdpz.hr\/?p=13"},"author":{"name":"zvonimircarek","@id":"https:\/\/zdpz.hr\/#\/schema\/person\/58c6462742ea27128e43363da3e12982"},"headline":"O nama","datePublished":"2016-11-10T19:54:08+00:00","dateModified":"2016-11-10T20:02:49+00:00","mainEntityOfPage":{"@id":"https:\/\/zdpz.hr\/?p=13"},"wordCount":252,"publisher":{"@id":"https:\/\/zdpz.hr\/#organization"},"articleSection":["Uncategorized"],"inLanguage":"hr"},{"@type":"WebPage","@id":"https:\/\/zdpz.hr\/?p=13","url":"https:\/\/zdpz.hr\/?p=13","name":"O nama - Zavi\u010dajno Dru\u0161tvo Posu\u0161je Zagreb","isPartOf":{"@id":"https:\/\/zdpz.hr\/#website"},"datePublished":"2016-11-10T19:54:08+00:00","dateModified":"2016-11-10T20:02:49+00:00","breadcrumb":{"@id":"https:\/\/zdpz.hr\/?p=13#breadcrumb"},"inLanguage":"hr","potentialAction":[{"@type":"ReadAction","target":["https:\/\/zdpz.hr\/?p=13"]}]},{"@type":"BreadcrumbList","@id":"https:\/\/zdpz.hr\/?p=13#breadcrumb","itemListElement":[{"@type":"ListItem","position":1,"name":"Po\u010detna stranica","item":"https:\/\/zdpz.hr\/"},{"@type":"ListItem","position":2,"name":"O nama"}]},{"@type":"WebSite","@id":"https:\/\/zdpz.hr\/#website","url":"https:\/\/zdpz.hr\/","name":"Zavi\u010dajno Dru\u0161tvo Posu\u0161je Zagreb","description":"Zavi\u010dajno Dru\u0161tvo Posu\u0161je Zagreb","publisher":{"@id":"https:\/\/zdpz.hr\/#organization"},"potentialAction":[{"@type":"SearchAction","target":{"@type":"EntryPoint","urlTemplate":"https:\/\/zdpz.hr\/?s={search_term_string}"},"query-input":"required name=search_term_string"}],"inLanguage":"hr"},{"@type":"Organization","@id":"https:\/\/zdpz.hr\/#organization","name":"Zavi\u010dajno Dru\u0161tvo Posu\u0161je Zagreb","url":"https:\/\/zdpz.hr\/","logo":{"@type":"ImageObject","inLanguage":"hr","@id":"https:\/\/zdpz.hr\/#\/schema\/logo\/image\/","url":"http:\/\/zdpz.hr\/wp-content\/uploads\/2016\/11\/cropped-zd-e1478806796255.jpg","contentUrl":"http:\/\/zdpz.hr\/wp-content\/uploads\/2016\/11\/cropped-zd-e1478806796255.jpg","width":954,"height":1300,"caption":"Zavi\u010dajno Dru\u0161tvo Posu\u0161je Zagreb"},"image":{"@id":"https:\/\/zdpz.hr\/#\/schema\/logo\/image\/"}},{"@type":"Person","@id":"https:\/\/zdpz.hr\/#\/schema\/person\/58c6462742ea27128e43363da3e12982","name":"zvonimircarek","image":{"@type":"ImageObject","inLanguage":"hr","@id":"https:\/\/zdpz.hr\/#\/schema\/person\/image\/","url":"https:\/\/secure.gravatar.com\/avatar\/e3ff444c575a198a38bb4039d6d59ffc?s=96&d=mm&r=g","contentUrl":"https:\/\/secure.gravatar.com\/avatar\/e3ff444c575a198a38bb4039d6d59ffc?s=96&d=mm&r=g","caption":"zvonimircarek"}}]}},"_links":{"self":[{"href":"https:\/\/zdpz.hr\/index.php?rest_route=\/wp\/v2\/posts\/13"}],"collection":[{"href":"https:\/\/zdpz.hr\/index.php?rest_route=\/wp\/v2\/posts"}],"about":[{"href":"https:\/\/zdpz.hr\/index.php?rest_route=\/wp\/v2\/types\/post"}],"author":[{"embeddable":true,"href":"https:\/\/zdpz.hr\/index.php?rest_route=\/wp\/v2\/users\/1"}],"replies":[{"embeddable":true,"href":"https:\/\/zdpz.hr\/index.php?rest_route=%2Fwp%2Fv2%2Fcomments&post=13"}],"version-history":[{"count":2,"href":"https:\/\/zdpz.hr\/index.php?rest_route=\/wp\/v2\/posts\/13\/revisions"}],"predecessor-version":[{"id":18,"href":"https:\/\/zdpz.hr\/index.php?rest_route=\/wp\/v2\/posts\/13\/revisions\/18"}],"wp:attachment":[{"href":"https:\/\/zdpz.hr\/index.php?rest_route=%2Fwp%2Fv2%2Fmedia&parent=13"}],"wp:term":[{"taxonomy":"category","embeddable":true,"href":"https:\/\/zdpz.hr\/index.php?rest_route=%2Fwp%2Fv2%2Fcategories&post=13"},{"taxonomy":"post_tag","embeddable":true,"href":"https:\/\/zdpz.hr\/index.php?rest_route=%2Fwp%2Fv2%2Ftags&post=13"}],"curies":[{"name":"wp","href":"https:\/\/api.w.org\/{rel}","templated":true}]}}