{"id":140,"date":"2021-09-22T22:28:22","date_gmt":"2021-09-22T22:28:22","guid":{"rendered":"http:\/\/zdpz.hr\/?p=140"},"modified":"2021-09-22T22:28:22","modified_gmt":"2021-09-22T22:28:22","slug":"posuska-misa-2021","status":"publish","type":"post","link":"https:\/\/zdpz.hr\/?p=140","title":{"rendered":"POSU\u0160KA MISA 2021."},"content":{"rendered":"\n<pre class=\"wp-block-preformatted\">Drage Posu\u0161anke i Posu\u0161ani!\r\n\r\nZavi\u010dajno dru\u0161tvo Posu\u0161je u Zagrebu Vas poziva na tradicionalnu 36. Posu\u0161ku misu, koja \u0107e se ove godine slaviti u subotu 2. listopada 2021., opet u crkvi Hercegova\u010dke franjeva\u010dke provincije u Dubravi s po\u010detkom u 19 sati.\r\nPredvoditelj ovogodi\u0161njeg misnog slavlja bit \u0107e fra Smiljan Beri\u0161i\u0107, kojemu \u0107e se na oltaru pridru\u017eiti fra Ser\u0111o \u0106avar i jo\u0161 poneki sve\u0107enik.\r\nFra Smiljan je rodom iz Janjeva, bio na slu\u017ebi diljem svijeta, do\u010dekao ulazak \u010detnika u Vukovar, trenutno je gvardijan i \u017eupnik u crkvi svetog Franje na Kaptolu, ali istodobno preuzima i ulogu obnovitelja crkvenih objekata nakon potresa.\r\n\r\nPoslije mise po na\u0161em obi\u010daju nastavit \u0107emo dru\u017eenje u dvorani ispod crkve, uz koju mrvu kruva, koju kap vina i zeru gange!\r\n\r\nKao i do sada molimo za Va\u0161u potporu, prilozima nakon mise ili financijskim prilogom na \u017eiro ra\u010dun Dru\u0161tva : IBAN HR7023400091110131959, \u0161to nam svaki put olak\u0161ava organizaciju ovog doga\u0111aja, a time poma\u017eete i organizaciju ostalih aktivnosti i daljnje djelovanje Zavi\u010dajnog dru\u0161tva.\r\nMolim vas prenesite poziv va\u0161im suprugama, koje mogu, neka donesu poneki kola\u010d ili kakvo pecivo.\r\n\r\nSvima Vama koji ste i do sada prema svojim mogu\u0107nostima na bilo koji na\u010din pomagali rad  Dru\u0161tva najljep\u0161a hvala!<\/pre>\n","protected":false},"excerpt":{"rendered":"<p>Drage Posu\u0161anke i Posu\u0161ani! Zavi\u010dajno dru\u0161tvo Posu\u0161je u Zagrebu Vas poziva na tradicionalnu 36. Posu\u0161ku misu, koja \u0107e se ove godine slaviti u subotu 2. listopada 2021., opet u crkvi Hercegova\u010dke franjeva\u010dke provincije u Dubravi s po\u010detkom u 19 sati. Predvoditelj ovogodi\u0161njeg misnog slavlja bit \u0107e fra Smiljan Beri\u0161i\u0107, kojemu \u0107e se na oltaru pridru\u017eiti &hellip; <a href=\"https:\/\/zdpz.hr\/?p=140\" class=\"more-link\">Nastavi \u010ditati <span class=\"screen-reader-text\">POSU\u0160KA MISA 2021.<\/span><\/a><\/p>\n","protected":false},"author":1,"featured_media":0,"comment_status":"closed","ping_status":"closed","sticky":false,"template":"","format":"standard","meta":[],"categories":[1],"tags":[],"yoast_head":"<!-- This site is optimized with the Yoast SEO plugin v19.13 - https:\/\/yoast.com\/wordpress\/plugins\/seo\/ -->\n<title>POSU\u0160KA MISA 2021. - Zavi\u010dajno Dru\u0161tvo Posu\u0161je Zagreb<\/title>\n<meta name=\"robots\" content=\"index, follow, max-snippet:-1, max-image-preview:large, max-video-preview:-1\" \/>\n<link rel=\"canonical\" href=\"https:\/\/zdpz.hr\/?p=140\" \/>\n<meta property=\"og:locale\" content=\"hr_HR\" \/>\n<meta property=\"og:type\" content=\"article\" \/>\n<meta property=\"og:title\" content=\"POSU\u0160KA MISA 2021. - Zavi\u010dajno Dru\u0161tvo Posu\u0161je Zagreb\" \/>\n<meta property=\"og:description\" content=\"Drage Posu\u0161anke i Posu\u0161ani! Zavi\u010dajno dru\u0161tvo Posu\u0161je u Zagrebu Vas poziva na tradicionalnu 36. Posu\u0161ku misu, koja \u0107e se ove godine slaviti u subotu 2. listopada 2021., opet u crkvi Hercegova\u010dke franjeva\u010dke provincije u Dubravi s po\u010detkom u 19 sati. Predvoditelj ovogodi\u0161njeg misnog slavlja bit \u0107e fra Smiljan Beri\u0161i\u0107, kojemu \u0107e se na oltaru pridru\u017eiti &hellip; Nastavi \u010ditati POSU\u0160KA MISA 2021.\" \/>\n<meta property=\"og:url\" content=\"https:\/\/zdpz.hr\/?p=140\" \/>\n<meta property=\"og:site_name\" content=\"Zavi\u010dajno Dru\u0161tvo Posu\u0161je Zagreb\" \/>\n<meta property=\"article:published_time\" content=\"2021-09-22T22:28:22+00:00\" \/>\n<meta name=\"author\" content=\"zvonimircarek\" \/>\n<meta name=\"twitter:card\" content=\"summary_large_image\" \/>\n<meta name=\"twitter:label1\" content=\"Napisao\/la\" \/>\n\t<meta name=\"twitter:data1\" content=\"zvonimircarek\" \/>\n\t<meta name=\"twitter:label2\" content=\"Procijenjeno vrijeme \u010ditanja\" \/>\n\t<meta name=\"twitter:data2\" content=\"1 minuta\" \/>\n<script type=\"application\/ld+json\" class=\"yoast-schema-graph\">{\"@context\":\"https:\/\/schema.org\",\"@graph\":[{\"@type\":\"Article\",\"@id\":\"https:\/\/zdpz.hr\/?p=140#article\",\"isPartOf\":{\"@id\":\"https:\/\/zdpz.hr\/?p=140\"},\"author\":{\"name\":\"zvonimircarek\",\"@id\":\"https:\/\/zdpz.hr\/#\/schema\/person\/58c6462742ea27128e43363da3e12982\"},\"headline\":\"POSU\u0160KA MISA 2021.\",\"datePublished\":\"2021-09-22T22:28:22+00:00\",\"dateModified\":\"2021-09-22T22:28:22+00:00\",\"mainEntityOfPage\":{\"@id\":\"https:\/\/zdpz.hr\/?p=140\"},\"wordCount\":3,\"publisher\":{\"@id\":\"https:\/\/zdpz.hr\/#organization\"},\"articleSection\":[\"Uncategorized\"],\"inLanguage\":\"hr\"},{\"@type\":\"WebPage\",\"@id\":\"https:\/\/zdpz.hr\/?p=140\",\"url\":\"https:\/\/zdpz.hr\/?p=140\",\"name\":\"POSU\u0160KA MISA 2021. - Zavi\u010dajno Dru\u0161tvo Posu\u0161je Zagreb\",\"isPartOf\":{\"@id\":\"https:\/\/zdpz.hr\/#website\"},\"datePublished\":\"2021-09-22T22:28:22+00:00\",\"dateModified\":\"2021-09-22T22:28:22+00:00\",\"breadcrumb\":{\"@id\":\"https:\/\/zdpz.hr\/?p=140#breadcrumb\"},\"inLanguage\":\"hr\",\"potentialAction\":[{\"@type\":\"ReadAction\",\"target\":[\"https:\/\/zdpz.hr\/?p=140\"]}]},{\"@type\":\"BreadcrumbList\",\"@id\":\"https:\/\/zdpz.hr\/?p=140#breadcrumb\",\"itemListElement\":[{\"@type\":\"ListItem\",\"position\":1,\"name\":\"Po\u010detna stranica\",\"item\":\"https:\/\/zdpz.hr\/\"},{\"@type\":\"ListItem\",\"position\":2,\"name\":\"POSU\u0160KA MISA 2021.\"}]},{\"@type\":\"WebSite\",\"@id\":\"https:\/\/zdpz.hr\/#website\",\"url\":\"https:\/\/zdpz.hr\/\",\"name\":\"Zavi\u010dajno Dru\u0161tvo Posu\u0161je Zagreb\",\"description\":\"Zavi\u010dajno Dru\u0161tvo Posu\u0161je Zagreb\",\"publisher\":{\"@id\":\"https:\/\/zdpz.hr\/#organization\"},\"potentialAction\":[{\"@type\":\"SearchAction\",\"target\":{\"@type\":\"EntryPoint\",\"urlTemplate\":\"https:\/\/zdpz.hr\/?s={search_term_string}\"},\"query-input\":\"required name=search_term_string\"}],\"inLanguage\":\"hr\"},{\"@type\":\"Organization\",\"@id\":\"https:\/\/zdpz.hr\/#organization\",\"name\":\"Zavi\u010dajno Dru\u0161tvo Posu\u0161je Zagreb\",\"url\":\"https:\/\/zdpz.hr\/\",\"logo\":{\"@type\":\"ImageObject\",\"inLanguage\":\"hr\",\"@id\":\"https:\/\/zdpz.hr\/#\/schema\/logo\/image\/\",\"url\":\"http:\/\/zdpz.hr\/wp-content\/uploads\/2016\/11\/cropped-zd-e1478806796255.jpg\",\"contentUrl\":\"http:\/\/zdpz.hr\/wp-content\/uploads\/2016\/11\/cropped-zd-e1478806796255.jpg\",\"width\":954,\"height\":1300,\"caption\":\"Zavi\u010dajno Dru\u0161tvo Posu\u0161je Zagreb\"},\"image\":{\"@id\":\"https:\/\/zdpz.hr\/#\/schema\/logo\/image\/\"}},{\"@type\":\"Person\",\"@id\":\"https:\/\/zdpz.hr\/#\/schema\/person\/58c6462742ea27128e43363da3e12982\",\"name\":\"zvonimircarek\",\"image\":{\"@type\":\"ImageObject\",\"inLanguage\":\"hr\",\"@id\":\"https:\/\/zdpz.hr\/#\/schema\/person\/image\/\",\"url\":\"https:\/\/secure.gravatar.com\/avatar\/e3ff444c575a198a38bb4039d6d59ffc?s=96&d=mm&r=g\",\"contentUrl\":\"https:\/\/secure.gravatar.com\/avatar\/e3ff444c575a198a38bb4039d6d59ffc?s=96&d=mm&r=g\",\"caption\":\"zvonimircarek\"}}]}<\/script>\n<!-- \/ Yoast SEO plugin. -->","yoast_head_json":{"title":"POSU\u0160KA MISA 2021. - Zavi\u010dajno Dru\u0161tvo Posu\u0161je Zagreb","robots":{"index":"index","follow":"follow","max-snippet":"max-snippet:-1","max-image-preview":"max-image-preview:large","max-video-preview":"max-video-preview:-1"},"canonical":"https:\/\/zdpz.hr\/?p=140","og_locale":"hr_HR","og_type":"article","og_title":"POSU\u0160KA MISA 2021. - Zavi\u010dajno Dru\u0161tvo Posu\u0161je Zagreb","og_description":"Drage Posu\u0161anke i Posu\u0161ani! Zavi\u010dajno dru\u0161tvo Posu\u0161je u Zagrebu Vas poziva na tradicionalnu 36. Posu\u0161ku misu, koja \u0107e se ove godine slaviti u subotu 2. listopada 2021., opet u crkvi Hercegova\u010dke franjeva\u010dke provincije u Dubravi s po\u010detkom u 19 sati. Predvoditelj ovogodi\u0161njeg misnog slavlja bit \u0107e fra Smiljan Beri\u0161i\u0107, kojemu \u0107e se na oltaru pridru\u017eiti &hellip; Nastavi \u010ditati POSU\u0160KA MISA 2021.","og_url":"https:\/\/zdpz.hr\/?p=140","og_site_name":"Zavi\u010dajno Dru\u0161tvo Posu\u0161je Zagreb","article_published_time":"2021-09-22T22:28:22+00:00","author":"zvonimircarek","twitter_card":"summary_large_image","twitter_misc":{"Napisao\/la":"zvonimircarek","Procijenjeno vrijeme \u010ditanja":"1 minuta"},"schema":{"@context":"https:\/\/schema.org","@graph":[{"@type":"Article","@id":"https:\/\/zdpz.hr\/?p=140#article","isPartOf":{"@id":"https:\/\/zdpz.hr\/?p=140"},"author":{"name":"zvonimircarek","@id":"https:\/\/zdpz.hr\/#\/schema\/person\/58c6462742ea27128e43363da3e12982"},"headline":"POSU\u0160KA MISA 2021.","datePublished":"2021-09-22T22:28:22+00:00","dateModified":"2021-09-22T22:28:22+00:00","mainEntityOfPage":{"@id":"https:\/\/zdpz.hr\/?p=140"},"wordCount":3,"publisher":{"@id":"https:\/\/zdpz.hr\/#organization"},"articleSection":["Uncategorized"],"inLanguage":"hr"},{"@type":"WebPage","@id":"https:\/\/zdpz.hr\/?p=140","url":"https:\/\/zdpz.hr\/?p=140","name":"POSU\u0160KA MISA 2021. - Zavi\u010dajno Dru\u0161tvo Posu\u0161je Zagreb","isPartOf":{"@id":"https:\/\/zdpz.hr\/#website"},"datePublished":"2021-09-22T22:28:22+00:00","dateModified":"2021-09-22T22:28:22+00:00","breadcrumb":{"@id":"https:\/\/zdpz.hr\/?p=140#breadcrumb"},"inLanguage":"hr","potentialAction":[{"@type":"ReadAction","target":["https:\/\/zdpz.hr\/?p=140"]}]},{"@type":"BreadcrumbList","@id":"https:\/\/zdpz.hr\/?p=140#breadcrumb","itemListElement":[{"@type":"ListItem","position":1,"name":"Po\u010detna stranica","item":"https:\/\/zdpz.hr\/"},{"@type":"ListItem","position":2,"name":"POSU\u0160KA MISA 2021."}]},{"@type":"WebSite","@id":"https:\/\/zdpz.hr\/#website","url":"https:\/\/zdpz.hr\/","name":"Zavi\u010dajno Dru\u0161tvo Posu\u0161je Zagreb","description":"Zavi\u010dajno Dru\u0161tvo Posu\u0161je Zagreb","publisher":{"@id":"https:\/\/zdpz.hr\/#organization"},"potentialAction":[{"@type":"SearchAction","target":{"@type":"EntryPoint","urlTemplate":"https:\/\/zdpz.hr\/?s={search_term_string}"},"query-input":"required name=search_term_string"}],"inLanguage":"hr"},{"@type":"Organization","@id":"https:\/\/zdpz.hr\/#organization","name":"Zavi\u010dajno Dru\u0161tvo Posu\u0161je Zagreb","url":"https:\/\/zdpz.hr\/","logo":{"@type":"ImageObject","inLanguage":"hr","@id":"https:\/\/zdpz.hr\/#\/schema\/logo\/image\/","url":"http:\/\/zdpz.hr\/wp-content\/uploads\/2016\/11\/cropped-zd-e1478806796255.jpg","contentUrl":"http:\/\/zdpz.hr\/wp-content\/uploads\/2016\/11\/cropped-zd-e1478806796255.jpg","width":954,"height":1300,"caption":"Zavi\u010dajno Dru\u0161tvo Posu\u0161je Zagreb"},"image":{"@id":"https:\/\/zdpz.hr\/#\/schema\/logo\/image\/"}},{"@type":"Person","@id":"https:\/\/zdpz.hr\/#\/schema\/person\/58c6462742ea27128e43363da3e12982","name":"zvonimircarek","image":{"@type":"ImageObject","inLanguage":"hr","@id":"https:\/\/zdpz.hr\/#\/schema\/person\/image\/","url":"https:\/\/secure.gravatar.com\/avatar\/e3ff444c575a198a38bb4039d6d59ffc?s=96&d=mm&r=g","contentUrl":"https:\/\/secure.gravatar.com\/avatar\/e3ff444c575a198a38bb4039d6d59ffc?s=96&d=mm&r=g","caption":"zvonimircarek"}}]}},"_links":{"self":[{"href":"https:\/\/zdpz.hr\/index.php?rest_route=\/wp\/v2\/posts\/140"}],"collection":[{"href":"https:\/\/zdpz.hr\/index.php?rest_route=\/wp\/v2\/posts"}],"about":[{"href":"https:\/\/zdpz.hr\/index.php?rest_route=\/wp\/v2\/types\/post"}],"author":[{"embeddable":true,"href":"https:\/\/zdpz.hr\/index.php?rest_route=\/wp\/v2\/users\/1"}],"replies":[{"embeddable":true,"href":"https:\/\/zdpz.hr\/index.php?rest_route=%2Fwp%2Fv2%2Fcomments&post=140"}],"version-history":[{"count":1,"href":"https:\/\/zdpz.hr\/index.php?rest_route=\/wp\/v2\/posts\/140\/revisions"}],"predecessor-version":[{"id":141,"href":"https:\/\/zdpz.hr\/index.php?rest_route=\/wp\/v2\/posts\/140\/revisions\/141"}],"wp:attachment":[{"href":"https:\/\/zdpz.hr\/index.php?rest_route=%2Fwp%2Fv2%2Fmedia&parent=140"}],"wp:term":[{"taxonomy":"category","embeddable":true,"href":"https:\/\/zdpz.hr\/index.php?rest_route=%2Fwp%2Fv2%2Fcategories&post=140"},{"taxonomy":"post_tag","embeddable":true,"href":"https:\/\/zdpz.hr\/index.php?rest_route=%2Fwp%2Fv2%2Ftags&post=140"}],"curies":[{"name":"wp","href":"https:\/\/api.w.org\/{rel}","templated":true}]}}