{"id":16,"date":"2016-11-10T20:01:39","date_gmt":"2016-11-10T20:01:39","guid":{"rendered":"http:\/\/zdpz.hr\/?p=16"},"modified":"2016-11-15T10:42:57","modified_gmt":"2016-11-15T10:42:57","slug":"zavicajno-drustvo-posusje-u-zagrebu","status":"publish","type":"post","link":"https:\/\/zdpz.hr\/?p=16","title":{"rendered":"Zavi\u010dajno dru\u0161tvo Posu\u0161je u Zagrebu"},"content":{"rendered":"<p>Zavi\u010dajno dru\u0161tvo Posu\u0161je u Zagrebu<br \/>\n26.11. o.g. u 19 sati u Hotelu Westin.<\/p>\n<p>organizira tradicionalnu<\/p>\n<p>POSU\u0160KU VE\u010cER<\/p>\n<p>Ovim putem Vas pozivamo da do\u0111ete i sudjelujete u ovom doga\u0111aju.<br \/>\nZapo\u010dnimo ovogodi\u0161nji advent u Zagrebu uz bogat gastronomski i glazbeni program.<\/p>\n<p>Uz klapu Kampanel zabavit \u0107emo se i uz foklorni nastup Hercegova\u010dkih studenata, ganga\u0161a i guslara.<\/p>\n<p>\u0160efovi iz kuhinje Hotela Westin pripremit \u0107e nam tradicionalnu hercegova\u010dku hranu. Imati \u0107emo i tombolu od koje prihod doniramo potrebitim studentima iz na\u0161eg kraja.<\/p>\n<p>Cijena ulaznice za odrasle je 200 kn, za umirovljenike 150 a za studente i djecu 100 kn.<\/p>\n<p>Za kupnju ulaznica javite se na sljede\u0107e brojeve telefona:091 242 8905 (Vlado),\u00a00915478011 (Branko) i 091 265 1817 (Vjeka)<\/p>\n<p>U nadi da \u0107ete nam se pridru\u017eiti srda\u010dno Vas pozdravljamo!<\/p>\n<p>Organizacijski odbor Posu\u0161ke ve\u010deri<\/p>\n","protected":false},"excerpt":{"rendered":"<p>Zavi\u010dajno dru\u0161tvo Posu\u0161je u Zagrebu 26.11. o.g. u 19 sati u Hotelu Westin. organizira tradicionalnu POSU\u0160KU VE\u010cER Ovim putem Vas pozivamo da do\u0111ete i sudjelujete u ovom doga\u0111aju. Zapo\u010dnimo ovogodi\u0161nji advent u Zagrebu uz bogat gastronomski i glazbeni program. Uz klapu Kampanel zabavit \u0107emo se i uz foklorni nastup Hercegova\u010dkih studenata, ganga\u0161a i guslara. \u0160efovi &hellip; <a href=\"https:\/\/zdpz.hr\/?p=16\" class=\"more-link\">Nastavi \u010ditati <span class=\"screen-reader-text\">Zavi\u010dajno dru\u0161tvo Posu\u0161je u Zagrebu<\/span><\/a><\/p>\n","protected":false},"author":1,"featured_media":10,"comment_status":"closed","ping_status":"closed","sticky":false,"template":"","format":"standard","meta":[],"categories":[1],"tags":[],"yoast_head":"<!-- This site is optimized with the Yoast SEO plugin v19.13 - https:\/\/yoast.com\/wordpress\/plugins\/seo\/ -->\n<title>Zavi\u010dajno dru\u0161tvo Posu\u0161je u Zagrebu - Zavi\u010dajno Dru\u0161tvo Posu\u0161je Zagreb<\/title>\n<meta name=\"robots\" content=\"index, follow, max-snippet:-1, max-image-preview:large, max-video-preview:-1\" \/>\n<link rel=\"canonical\" href=\"https:\/\/zdpz.hr\/?p=16\" \/>\n<meta property=\"og:locale\" content=\"hr_HR\" \/>\n<meta property=\"og:type\" content=\"article\" \/>\n<meta property=\"og:title\" content=\"Zavi\u010dajno dru\u0161tvo Posu\u0161je u Zagrebu - Zavi\u010dajno Dru\u0161tvo Posu\u0161je Zagreb\" \/>\n<meta property=\"og:description\" content=\"Zavi\u010dajno dru\u0161tvo Posu\u0161je u Zagrebu 26.11. o.g. u 19 sati u Hotelu Westin. organizira tradicionalnu POSU\u0160KU VE\u010cER Ovim putem Vas pozivamo da do\u0111ete i sudjelujete u ovom doga\u0111aju. Zapo\u010dnimo ovogodi\u0161nji advent u Zagrebu uz bogat gastronomski i glazbeni program. Uz klapu Kampanel zabavit \u0107emo se i uz foklorni nastup Hercegova\u010dkih studenata, ganga\u0161a i guslara. \u0160efovi &hellip; Nastavi \u010ditati Zavi\u010dajno dru\u0161tvo Posu\u0161je u Zagrebu\" \/>\n<meta property=\"og:url\" content=\"https:\/\/zdpz.hr\/?p=16\" \/>\n<meta property=\"og:site_name\" content=\"Zavi\u010dajno Dru\u0161tvo Posu\u0161je Zagreb\" \/>\n<meta property=\"article:published_time\" content=\"2016-11-10T20:01:39+00:00\" \/>\n<meta property=\"article:modified_time\" content=\"2016-11-15T10:42:57+00:00\" \/>\n<meta property=\"og:image\" content=\"https:\/\/zdpz.hr\/wp-content\/uploads\/2016\/11\/zd2.jpg\" \/>\n\t<meta property=\"og:image:width\" content=\"640\" \/>\n\t<meta property=\"og:image:height\" content=\"331\" \/>\n\t<meta property=\"og:image:type\" content=\"image\/jpeg\" \/>\n<meta name=\"author\" content=\"zvonimircarek\" \/>\n<meta name=\"twitter:card\" content=\"summary_large_image\" \/>\n<meta name=\"twitter:label1\" content=\"Napisao\/la\" \/>\n\t<meta name=\"twitter:data1\" content=\"zvonimircarek\" \/>\n\t<meta name=\"twitter:label2\" content=\"Procijenjeno vrijeme \u010ditanja\" \/>\n\t<meta name=\"twitter:data2\" content=\"1 minuta\" \/>\n<script type=\"application\/ld+json\" class=\"yoast-schema-graph\">{\"@context\":\"https:\/\/schema.org\",\"@graph\":[{\"@type\":\"Article\",\"@id\":\"https:\/\/zdpz.hr\/?p=16#article\",\"isPartOf\":{\"@id\":\"https:\/\/zdpz.hr\/?p=16\"},\"author\":{\"name\":\"zvonimircarek\",\"@id\":\"https:\/\/zdpz.hr\/#\/schema\/person\/58c6462742ea27128e43363da3e12982\"},\"headline\":\"Zavi\u010dajno dru\u0161tvo Posu\u0161je u Zagrebu\",\"datePublished\":\"2016-11-10T20:01:39+00:00\",\"dateModified\":\"2016-11-15T10:42:57+00:00\",\"mainEntityOfPage\":{\"@id\":\"https:\/\/zdpz.hr\/?p=16\"},\"wordCount\":144,\"publisher\":{\"@id\":\"https:\/\/zdpz.hr\/#organization\"},\"articleSection\":[\"Uncategorized\"],\"inLanguage\":\"hr\"},{\"@type\":\"WebPage\",\"@id\":\"https:\/\/zdpz.hr\/?p=16\",\"url\":\"https:\/\/zdpz.hr\/?p=16\",\"name\":\"Zavi\u010dajno dru\u0161tvo Posu\u0161je u Zagrebu - Zavi\u010dajno Dru\u0161tvo Posu\u0161je Zagreb\",\"isPartOf\":{\"@id\":\"https:\/\/zdpz.hr\/#website\"},\"datePublished\":\"2016-11-10T20:01:39+00:00\",\"dateModified\":\"2016-11-15T10:42:57+00:00\",\"breadcrumb\":{\"@id\":\"https:\/\/zdpz.hr\/?p=16#breadcrumb\"},\"inLanguage\":\"hr\",\"potentialAction\":[{\"@type\":\"ReadAction\",\"target\":[\"https:\/\/zdpz.hr\/?p=16\"]}]},{\"@type\":\"BreadcrumbList\",\"@id\":\"https:\/\/zdpz.hr\/?p=16#breadcrumb\",\"itemListElement\":[{\"@type\":\"ListItem\",\"position\":1,\"name\":\"Po\u010detna stranica\",\"item\":\"https:\/\/zdpz.hr\/\"},{\"@type\":\"ListItem\",\"position\":2,\"name\":\"Zavi\u010dajno dru\u0161tvo Posu\u0161je u Zagrebu\"}]},{\"@type\":\"WebSite\",\"@id\":\"https:\/\/zdpz.hr\/#website\",\"url\":\"https:\/\/zdpz.hr\/\",\"name\":\"Zavi\u010dajno Dru\u0161tvo Posu\u0161je Zagreb\",\"description\":\"Zavi\u010dajno Dru\u0161tvo Posu\u0161je Zagreb\",\"publisher\":{\"@id\":\"https:\/\/zdpz.hr\/#organization\"},\"potentialAction\":[{\"@type\":\"SearchAction\",\"target\":{\"@type\":\"EntryPoint\",\"urlTemplate\":\"https:\/\/zdpz.hr\/?s={search_term_string}\"},\"query-input\":\"required name=search_term_string\"}],\"inLanguage\":\"hr\"},{\"@type\":\"Organization\",\"@id\":\"https:\/\/zdpz.hr\/#organization\",\"name\":\"Zavi\u010dajno Dru\u0161tvo Posu\u0161je Zagreb\",\"url\":\"https:\/\/zdpz.hr\/\",\"logo\":{\"@type\":\"ImageObject\",\"inLanguage\":\"hr\",\"@id\":\"https:\/\/zdpz.hr\/#\/schema\/logo\/image\/\",\"url\":\"http:\/\/zdpz.hr\/wp-content\/uploads\/2016\/11\/cropped-zd-e1478806796255.jpg\",\"contentUrl\":\"http:\/\/zdpz.hr\/wp-content\/uploads\/2016\/11\/cropped-zd-e1478806796255.jpg\",\"width\":954,\"height\":1300,\"caption\":\"Zavi\u010dajno Dru\u0161tvo Posu\u0161je Zagreb\"},\"image\":{\"@id\":\"https:\/\/zdpz.hr\/#\/schema\/logo\/image\/\"}},{\"@type\":\"Person\",\"@id\":\"https:\/\/zdpz.hr\/#\/schema\/person\/58c6462742ea27128e43363da3e12982\",\"name\":\"zvonimircarek\",\"image\":{\"@type\":\"ImageObject\",\"inLanguage\":\"hr\",\"@id\":\"https:\/\/zdpz.hr\/#\/schema\/person\/image\/\",\"url\":\"https:\/\/secure.gravatar.com\/avatar\/e3ff444c575a198a38bb4039d6d59ffc?s=96&d=mm&r=g\",\"contentUrl\":\"https:\/\/secure.gravatar.com\/avatar\/e3ff444c575a198a38bb4039d6d59ffc?s=96&d=mm&r=g\",\"caption\":\"zvonimircarek\"}}]}<\/script>\n<!-- \/ Yoast SEO plugin. -->","yoast_head_json":{"title":"Zavi\u010dajno dru\u0161tvo Posu\u0161je u Zagrebu - Zavi\u010dajno Dru\u0161tvo Posu\u0161je Zagreb","robots":{"index":"index","follow":"follow","max-snippet":"max-snippet:-1","max-image-preview":"max-image-preview:large","max-video-preview":"max-video-preview:-1"},"canonical":"https:\/\/zdpz.hr\/?p=16","og_locale":"hr_HR","og_type":"article","og_title":"Zavi\u010dajno dru\u0161tvo Posu\u0161je u Zagrebu - Zavi\u010dajno Dru\u0161tvo Posu\u0161je Zagreb","og_description":"Zavi\u010dajno dru\u0161tvo Posu\u0161je u Zagrebu 26.11. o.g. u 19 sati u Hotelu Westin. organizira tradicionalnu POSU\u0160KU VE\u010cER Ovim putem Vas pozivamo da do\u0111ete i sudjelujete u ovom doga\u0111aju. Zapo\u010dnimo ovogodi\u0161nji advent u Zagrebu uz bogat gastronomski i glazbeni program. Uz klapu Kampanel zabavit \u0107emo se i uz foklorni nastup Hercegova\u010dkih studenata, ganga\u0161a i guslara. \u0160efovi &hellip; Nastavi \u010ditati Zavi\u010dajno dru\u0161tvo Posu\u0161je u Zagrebu","og_url":"https:\/\/zdpz.hr\/?p=16","og_site_name":"Zavi\u010dajno Dru\u0161tvo Posu\u0161je Zagreb","article_published_time":"2016-11-10T20:01:39+00:00","article_modified_time":"2016-11-15T10:42:57+00:00","og_image":[{"width":640,"height":331,"url":"https:\/\/zdpz.hr\/wp-content\/uploads\/2016\/11\/zd2.jpg","type":"image\/jpeg"}],"author":"zvonimircarek","twitter_card":"summary_large_image","twitter_misc":{"Napisao\/la":"zvonimircarek","Procijenjeno vrijeme \u010ditanja":"1 minuta"},"schema":{"@context":"https:\/\/schema.org","@graph":[{"@type":"Article","@id":"https:\/\/zdpz.hr\/?p=16#article","isPartOf":{"@id":"https:\/\/zdpz.hr\/?p=16"},"author":{"name":"zvonimircarek","@id":"https:\/\/zdpz.hr\/#\/schema\/person\/58c6462742ea27128e43363da3e12982"},"headline":"Zavi\u010dajno dru\u0161tvo Posu\u0161je u Zagrebu","datePublished":"2016-11-10T20:01:39+00:00","dateModified":"2016-11-15T10:42:57+00:00","mainEntityOfPage":{"@id":"https:\/\/zdpz.hr\/?p=16"},"wordCount":144,"publisher":{"@id":"https:\/\/zdpz.hr\/#organization"},"articleSection":["Uncategorized"],"inLanguage":"hr"},{"@type":"WebPage","@id":"https:\/\/zdpz.hr\/?p=16","url":"https:\/\/zdpz.hr\/?p=16","name":"Zavi\u010dajno dru\u0161tvo Posu\u0161je u Zagrebu - Zavi\u010dajno Dru\u0161tvo Posu\u0161je Zagreb","isPartOf":{"@id":"https:\/\/zdpz.hr\/#website"},"datePublished":"2016-11-10T20:01:39+00:00","dateModified":"2016-11-15T10:42:57+00:00","breadcrumb":{"@id":"https:\/\/zdpz.hr\/?p=16#breadcrumb"},"inLanguage":"hr","potentialAction":[{"@type":"ReadAction","target":["https:\/\/zdpz.hr\/?p=16"]}]},{"@type":"BreadcrumbList","@id":"https:\/\/zdpz.hr\/?p=16#breadcrumb","itemListElement":[{"@type":"ListItem","position":1,"name":"Po\u010detna stranica","item":"https:\/\/zdpz.hr\/"},{"@type":"ListItem","position":2,"name":"Zavi\u010dajno dru\u0161tvo Posu\u0161je u Zagrebu"}]},{"@type":"WebSite","@id":"https:\/\/zdpz.hr\/#website","url":"https:\/\/zdpz.hr\/","name":"Zavi\u010dajno Dru\u0161tvo Posu\u0161je Zagreb","description":"Zavi\u010dajno Dru\u0161tvo Posu\u0161je Zagreb","publisher":{"@id":"https:\/\/zdpz.hr\/#organization"},"potentialAction":[{"@type":"SearchAction","target":{"@type":"EntryPoint","urlTemplate":"https:\/\/zdpz.hr\/?s={search_term_string}"},"query-input":"required name=search_term_string"}],"inLanguage":"hr"},{"@type":"Organization","@id":"https:\/\/zdpz.hr\/#organization","name":"Zavi\u010dajno Dru\u0161tvo Posu\u0161je Zagreb","url":"https:\/\/zdpz.hr\/","logo":{"@type":"ImageObject","inLanguage":"hr","@id":"https:\/\/zdpz.hr\/#\/schema\/logo\/image\/","url":"http:\/\/zdpz.hr\/wp-content\/uploads\/2016\/11\/cropped-zd-e1478806796255.jpg","contentUrl":"http:\/\/zdpz.hr\/wp-content\/uploads\/2016\/11\/cropped-zd-e1478806796255.jpg","width":954,"height":1300,"caption":"Zavi\u010dajno Dru\u0161tvo Posu\u0161je Zagreb"},"image":{"@id":"https:\/\/zdpz.hr\/#\/schema\/logo\/image\/"}},{"@type":"Person","@id":"https:\/\/zdpz.hr\/#\/schema\/person\/58c6462742ea27128e43363da3e12982","name":"zvonimircarek","image":{"@type":"ImageObject","inLanguage":"hr","@id":"https:\/\/zdpz.hr\/#\/schema\/person\/image\/","url":"https:\/\/secure.gravatar.com\/avatar\/e3ff444c575a198a38bb4039d6d59ffc?s=96&d=mm&r=g","contentUrl":"https:\/\/secure.gravatar.com\/avatar\/e3ff444c575a198a38bb4039d6d59ffc?s=96&d=mm&r=g","caption":"zvonimircarek"}}]}},"_links":{"self":[{"href":"https:\/\/zdpz.hr\/index.php?rest_route=\/wp\/v2\/posts\/16"}],"collection":[{"href":"https:\/\/zdpz.hr\/index.php?rest_route=\/wp\/v2\/posts"}],"about":[{"href":"https:\/\/zdpz.hr\/index.php?rest_route=\/wp\/v2\/types\/post"}],"author":[{"embeddable":true,"href":"https:\/\/zdpz.hr\/index.php?rest_route=\/wp\/v2\/users\/1"}],"replies":[{"embeddable":true,"href":"https:\/\/zdpz.hr\/index.php?rest_route=%2Fwp%2Fv2%2Fcomments&post=16"}],"version-history":[{"count":3,"href":"https:\/\/zdpz.hr\/index.php?rest_route=\/wp\/v2\/posts\/16\/revisions"}],"predecessor-version":[{"id":21,"href":"https:\/\/zdpz.hr\/index.php?rest_route=\/wp\/v2\/posts\/16\/revisions\/21"}],"wp:featuredmedia":[{"embeddable":true,"href":"https:\/\/zdpz.hr\/index.php?rest_route=\/wp\/v2\/media\/10"}],"wp:attachment":[{"href":"https:\/\/zdpz.hr\/index.php?rest_route=%2Fwp%2Fv2%2Fmedia&parent=16"}],"wp:term":[{"taxonomy":"category","embeddable":true,"href":"https:\/\/zdpz.hr\/index.php?rest_route=%2Fwp%2Fv2%2Fcategories&post=16"},{"taxonomy":"post_tag","embeddable":true,"href":"https:\/\/zdpz.hr\/index.php?rest_route=%2Fwp%2Fv2%2Ftags&post=16"}],"curies":[{"name":"wp","href":"https:\/\/api.w.org\/{rel}","templated":true}]}}